{"id":88,"date":"2020-11-30T20:54:39","date_gmt":"2020-11-30T19:54:39","guid":{"rendered":"https:\/\/ecoleduchat.asso.fr\/?p=88"},"modified":"2026-04-27T13:52:12","modified_gmt":"2026-04-27T11:52:12","slug":"1978-2018-lecole-du-chat-fete-ses-40-ans","status":"publish","type":"post","link":"https:\/\/ecoleduchat.asso.fr\/?p=88","title":{"rendered":"1978 &#8211; 2018 L&#8217;\u00c9cole du chat f\u00eate ses 40 ans\u2026"},"content":{"rendered":"\n<p class=\"has-text-align-center\"><img loading=\"lazy\" decoding=\"async\" width=\"400\" height=\"316\" class=\"wp-image-89\" style=\"width: 400px;\" src=\"https:\/\/ecoleduchat.asso.fr\/wp-content\/uploads\/2020\/11\/img1-40ans-article-2.jpg\" alt=\"\"><\/p>\n\n\n\n<p>Le <strong>8 mars 1978<\/strong>, <strong>L\u2019ECOLE DU CHAT<\/strong> voyait le jour , association Loi  1901 d\u00e9clar\u00e9e \u00e0 la Pr\u00e9fecture de police sous le num\u00e9ro 78\/517, une association parmi tant d\u2019autres mais dont l\u2019objet, la d\u00e9fense des chats errants, allait r\u00e9volutionner la protection animale.<\/p>\n\n\n\n<p>Et, qui, mieux que \u00ab&nbsp;<strong>Nicolas le Chat<\/strong>&nbsp;\u00bb peut aujourd\u2019hui t\u00e9moigner de ce qu\u2019il sait, de ce qu\u2019il vit et de ce qu\u2019est vraiment <strong>L\u2019ECOLE DU CHAT<\/strong>&nbsp;? Laissons-lui la parole&nbsp;!<\/p>\n\n\n\n<p>\u00ab&nbsp;<em>Bonjour&nbsp;!<\/em><\/p>\n\n\n\n<p><em>Je m\u2019appelle Nicolas Le Chat&nbsp;: j\u2019ai trois ans et j\u2019habite chez Marianne qui m\u2019a adopt\u00e9 bien que je sois un chat tr\u00e8s craintif\u2026 je partage la vie de nombreux autres f\u00e9lins qui comme moi, n\u2019avaient nulle part o\u00f9 aller. Je viens d\u2019un endroit o\u00f9 tout a \u00e9t\u00e9 ras\u00e9 pour \u00eatre r\u00e9habilit\u00e9, un v\u00e9ritable chantier avec grues, palissades, gardien avec chien de garde<\/em>\u2026<\/p>\n\n\n\n<p><em>Il y a aussi Poupie&nbsp;: elle a eu la chance d\u2019avoir une ma\u00eetresse gentille mais qui est tomb\u00e9e malade, mise en maison m\u00e9dicale sp\u00e9cialis\u00e9e. Personne de la famille ne pouvait accueillir Poupie petite chatte traumatis\u00e9e par la maladie de sa ma\u00eetresse (Alzheimer) et qui pr\u00e9sente des troubles neurologiques, se l\u00e9chant et s\u2019arrachant ses poils<\/em>\u2026<\/p>\n\n\n\n<p><em>Il y en a bien d\u2019autres encore mais je ne peux tous les d\u00e9crire .<\/em><\/p>\n\n\n\n<p>Mon but est surtout de rendre hommage \u00e0 tous les acteurs de L\u2019\u00c9cole du chat car l\u2019id\u00e9e \u00e9tait vraiment r\u00e9volutionnaire&nbsp;: attraper tous ces \u00ab&nbsp;sauvageons&nbsp;\u00bb dehors, les st\u00e9riliser, les identifier, le projet \u00e9tait fou pour ceux qui ne nous aimaient pas&nbsp;! Mais l\u2019id\u00e9e \u00e9tait lanc\u00e9e et elle a suscit\u00e9 un grand int\u00e9r\u00eat chez les protecteurs. Les Comit\u00e9s se cr\u00e9aient un peu partout. Les b\u00e9n\u00e9voles mettaient en pratique un programme d\u2019int\u00e9gration et de sauvetage de ces chats qui n\u2019avaient connu que l\u2019abandon ou les massacres.<\/p>\n\n\n\n<ul><li><em>Ces militants pr\u00e9sentaient leurs chats de goutti\u00e8re, dits chats de maison , dans les Expositions f\u00e9lines, au milieu des superbes chats persans, chartreux et maine-coon venus concourir.<\/em><\/li><\/ul>\n\n\n\n<p><em>Ils y tenaient leur stand d\u2019information, r\u00e9pondant \u00e0 la traditionnelle question qui leur \u00e9tait pos\u00e9e \u00ab&nbsp;c\u2019est quoi L\u2019 \u00c9cole du chat&nbsp;?&nbsp;\u00bb<\/em><\/p>\n\n\n\n<ul><li><em>Ils r\u00e9alisaient tous les ans leur Calendrier \u00c9cole du chat unique en son genre avec ses 365 noms de chats, et chaque ann\u00e9e avec un mod\u00e8le diff\u00e9rent ( un mod\u00e8le de chat&nbsp;! Bien s\u00fbr&nbsp;!) vendu \u00e0 tous les comit\u00e9s de toutes nos r\u00e9gions.<\/em><\/li><li><em>Deux fois par an, ils organisaient une Brocante, \u00e0 No\u00ebl et au Printemps, qui renflouait un peu le compte de l\u2019association et permettait des rencontres avec les adh\u00e9rents.<\/em><\/li><li><em>Les ann\u00e9es passaient, les Comit\u00e9s devenaient de plus en plus nombreux et pour les rassembler, on cr\u00e9a une F\u00e9d\u00e9ration, la <strong>FACC<\/strong>, <strong>F\u00e9d\u00e9ration des Associations du Chat Citoyen<\/strong>, qui ne put malheureusement pas se d\u00e9velopper, faute de temps et de disponibilit\u00e9 malgr\u00e9 un gros travail d\u2019information fait en amont.<\/em><\/li><\/ul>\n\n\n\n<p><em>Aujourd\u2019hui, la plupart de ces pionniers ont disparu et les associations avec eux&nbsp;; d\u2019autres structures ont vu le jour avec l\u2019apparition d\u2019 Internet.<\/em><\/p>\n\n\n\n<ul><li><em>Mais L\u2019\u00c9cole du chat ne pouvait en rester l\u00e0.&nbsp;Les trois plus \u00ab&nbsp;anciennes&nbsp;\u00bb de l\u2019association , soucieuses de donner une p\u00e9rennit\u00e9 \u00e0 leur action, ont cr\u00e9\u00e9 un <strong>Fonds de Dotation<\/strong> \u00ab&nbsp;<strong>Les Maisons du Chat<\/strong>&nbsp;\u00bb&nbsp;pour que les adh\u00e9rents aient la possibilit\u00e9 de faire des legs au profit de l\u2019\u00c9cole du Chat.<\/em><\/li><\/ul>\n\n\n\n<p><em>Moi <strong>Nicolas le Chat<\/strong>, je me fais le porte parole des tous les chats sauv\u00e9s par L\u2019association.<\/em><\/p>\n\n\n\n<p><strong><em>Je vous remercie tous , amis, b\u00e9n\u00e9voles, adh\u00e9rents, tr\u00e8s chat-l\u2019 heureusement.<\/em><\/strong><\/p>\n\n\n\n<p><em>J\u2019ai aussi une pens\u00e9e pour tous mes cong\u00e9n\u00e8res qui n\u2019ont pas crois\u00e9 L\u2019 \u00c9cole du Chat et qui se sont retrouv\u00e9s en fourri\u00e8re pour un destin fatal.<\/em><\/p>\n\n\n\n<p><em>Je remercie tout particuli\u00e8rement <strong>Marianne<\/strong> pour sa patience avec moi. Je ne peux pas vous expliquer mais d\u00e8s que sa main s\u2019approche trop pr\u00e8s, je m\u2019esquive, elle me regarde et me dit,&nbsp;: \u00ab&nbsp;<strong>Cela ne fait rien , je te caresse des yeux, un jour peut-\u00eatre<\/strong>\u2026&nbsp;\u00bb<\/em><\/p>\n\n\n\n<p>Que soient aussi remerci\u00e9s tous les particuliers et les associations qui ont apport\u00e9 leur aide \u00e0 l\u2019 \u00c9cole du Chat&nbsp;:<\/p>\n\n\n\n<ul><li><strong>Brigitte Bardot<\/strong> et sa Fondation pur les No\u00ebls et les f\u00eates du Monde Animal.<\/li><li>La <strong>SPA<\/strong> de Paris pour le Front contre la Rage \u00e0 Paris en 1984.<\/li><li><strong>Nicole Sugier<\/strong> et la S.N.D.A pour ses conseils juridiques.<\/li><li><strong>Jean-Michel Michaux<\/strong> charg\u00e9 de la section animali\u00e8re \u00e0 la Mairie de Paris et qui a contribu\u00e9 \u00e0 <strong>la \u00ab&nbsp;Loi Chat libre&nbsp;\u00bb du 6 janvier 1999<\/strong>.<\/li><li><strong>30 Millions d\u2019Amis<\/strong> pour sa bienveillance et les Niches des cimeti\u00e8res.<\/li><li><strong>L\u2019Association Bourdon<\/strong> pour le pr\u00eat du local de la rue Championnet.<\/li><li>Le <strong>M.H.A.N<\/strong> un mouvement politique pour <strong>le respect des Hommes, des Animaux et de la Nature<\/strong>.<\/li><li>Les <strong>Pr\u00e9sidents des Clubs<\/strong> de chats de race.<\/li><li>Les <strong>V\u00e9t\u00e9rinaires<\/strong> pour leurs bons soins et leur patience.<\/li><li><strong>Association Les N\u00e9r\u00e9ides Loves Animals<\/strong> qui nous a invit\u00e9s pour une Brocante exceptionnelle dans leur Show Room et pour sa contribution \u00e0 la r\u00e9novation de La Chaumi\u00e8re.<\/li><\/ul>\n\n\n\n<p><em>N .B&nbsp;: \u00ab&nbsp;A propos de mon nom Nicolas&nbsp;! Oui, je porte le nom du matou bien connu qui en 1981 a \u00e9t\u00e9 attrap\u00e9 par <strong>Michel Cambazard<\/strong> au Cimeti\u00e8re Montmartre, puis st\u00e9rilis\u00e9, tatou\u00e9 (premier chat libre identifi\u00e9) et remis sur son territoire. C\u2019est un honneur pour moi.<\/em><\/p>\n\n\n\n<p><em><strong>Nicolas<\/strong>, c\u2019est aussi mon nom de bapt\u00eame&nbsp;! Car je suis arriv\u00e9 en 2017 , l\u2019ann\u00e9e des <strong>N<\/strong>&nbsp;! oui comme les chats de race nous avons droit aux noms de l\u2019ann\u00e9e. En outre, \u00e0 l\u2019\u00c9cole du Chat on ne sait jamais quel \u00e2ge nous avons vraiment car nous naissons souvent dans la rue ou ailleurs et on nous \u00ab&nbsp;baptise&nbsp;\u00bb l\u2019ann\u00e9e de notre arriv\u00e9e \u00e0 l\u2019\u00c9cole du chat. Et c\u2019est l\u00e0 que commence notre vie&nbsp;: <strong>c\u2019est l\u00e0 que nous renaissons laissant notre pass\u00e9 loin derri\u00e8re nous<\/strong>.<\/em><\/p>\n\n\n\n<p><em><strong>Que 2018 soit enfin l\u2019\u2019ann\u00e9e d\u2019une v\u00e9ritable avanc\u00e9e dans notre protection&nbsp;!&nbsp;\u00bb<\/strong><\/em><\/p>\n\n\n\n<p><strong><span class=\"has-inline-color has-vivid-cyan-blue-color\">Nicolas le Chat<\/span><\/strong><\/p>\n\n\n\n<p class=\"has-text-align-center\"><a href=\"http:\/\/ecoleduchat.asso.fr\/pdf\/affiche-Leonor-Fini.pdf\" target=\"_blank\" rel=\"noreferrer noopener\"><img loading=\"lazy\" decoding=\"async\" width=\"52\" height=\"52\" class=\"wp-image-48\" style=\"width: 52px;\" src=\"https:\/\/ecoleduchat.asso.fr\/wp-content\/uploads\/2020\/11\/icone-pdf.png\" alt=\"\"><\/a><\/p>\n\n\n\n<p class=\"has-text-align-center has-small-font-size\"><strong><strong>40 ans<\/strong> 1978 &#8211; 2018 L\u2019ECOLE DU CHAT f\u00eate ses 40 ans<\/strong><\/p>\n","protected":false},"excerpt":{"rendered":"<p>Le 8 mars 1978, L\u2019ECOLE DU CHAT voyait le jour , association Loi 1901 d\u00e9clar\u00e9e \u00e0 la Pr\u00e9fecture de police sous le num\u00e9ro 78\/517, une association parmi tant d\u2019autres mais dont l\u2019objet, la d\u00e9fense des chats errants, allait r\u00e9volutionner la protection animale. Et, qui, mieux que \u00ab&nbsp;Nicolas le Chat&nbsp;\u00bb peut aujourd\u2019hui t\u00e9moigner de ce qu\u2019il &hellip; <\/p>\n<p class=\"link-more\"><a href=\"https:\/\/ecoleduchat.asso.fr\/?p=88\" class=\"more-link\">Continuer la lecture<span class=\"screen-reader-text\"> de &laquo;&nbsp;1978 &#8211; 2018 L&#8217;\u00c9cole du chat f\u00eate ses 40 ans\u2026&nbsp;&raquo;<\/span><\/a><\/p>\n","protected":false},"author":1,"featured_media":0,"comment_status":"open","ping_status":"open","sticky":false,"template":"","format":"standard","meta":{"footnotes":""},"categories":[10],"tags":[],"_links":{"self":[{"href":"https:\/\/ecoleduchat.asso.fr\/index.php?rest_route=\/wp\/v2\/posts\/88"}],"collection":[{"href":"https:\/\/ecoleduchat.asso.fr\/index.php?rest_route=\/wp\/v2\/posts"}],"about":[{"href":"https:\/\/ecoleduchat.asso.fr\/index.php?rest_route=\/wp\/v2\/types\/post"}],"author":[{"embeddable":true,"href":"https:\/\/ecoleduchat.asso.fr\/index.php?rest_route=\/wp\/v2\/users\/1"}],"replies":[{"embeddable":true,"href":"https:\/\/ecoleduchat.asso.fr\/index.php?rest_route=%2Fwp%2Fv2%2Fcomments&post=88"}],"version-history":[{"count":3,"href":"https:\/\/ecoleduchat.asso.fr\/index.php?rest_route=\/wp\/v2\/posts\/88\/revisions"}],"predecessor-version":[{"id":92,"href":"https:\/\/ecoleduchat.asso.fr\/index.php?rest_route=\/wp\/v2\/posts\/88\/revisions\/92"}],"wp:attachment":[{"href":"https:\/\/ecoleduchat.asso.fr\/index.php?rest_route=%2Fwp%2Fv2%2Fmedia&parent=88"}],"wp:term":[{"taxonomy":"category","embeddable":true,"href":"https:\/\/ecoleduchat.asso.fr\/index.php?rest_route=%2Fwp%2Fv2%2Fcategories&post=88"},{"taxonomy":"post_tag","embeddable":true,"href":"https:\/\/ecoleduchat.asso.fr\/index.php?rest_route=%2Fwp%2Fv2%2Ftags&post=88"}],"curies":[{"name":"wp","href":"https:\/\/api.w.org\/{rel}","templated":true}]}}